{"id":1217,"date":"2019-05-25T20:05:21","date_gmt":"2019-05-25T18:05:21","guid":{"rendered":"http:\/\/saveursdesandrine.fr\/?p=1217"},"modified":"2019-05-25T20:12:50","modified_gmt":"2019-05-25T18:12:50","slug":"flan-de-courgettes-tomates-cerises","status":"publish","type":"post","link":"https:\/\/saveursdesandrine.fr\/index.php\/2019\/05\/25\/flan-de-courgettes-tomates-cerises\/","title":{"rendered":"Flan de courgettes tomates cerises"},"content":{"rendered":"<div class=\"pf-content\"><p>Voici la recette de mon flan de courgettes tomates cerises. En g\u00e9n\u00e9ral je le fais dans des moules \u00e0 financier pour ensuite r\u00e9aliser mes tapas. Je le d\u00e9pose sur un petit pain bretzel coup\u00e9 puis je le recouvre de saumon ou d&#8217;une crevette. Succ\u00e8s assur\u00e9 pour vos ap\u00e9ros d\u00eenatoires.<!--more--><\/p>\n<h1>Recette du flan de courgettes tomates cerises<\/h1>\n<p><img loading=\"lazy\" class=\"aligncenter size-full wp-image-1221\" src=\"http:\/\/saveursdesandrine.fr\/wp-content\/uploads\/2019\/05\/Flan_de_Courgettes_Tomates_Cerises.jpg\" alt=\"flan de courgettes tomates cerises\" width=\"4608\" height=\"2592\" srcset=\"https:\/\/saveursdesandrine.fr\/wp-content\/uploads\/2019\/05\/Flan_de_Courgettes_Tomates_Cerises.jpg 4608w, https:\/\/saveursdesandrine.fr\/wp-content\/uploads\/2019\/05\/Flan_de_Courgettes_Tomates_Cerises-300x169.jpg 300w, https:\/\/saveursdesandrine.fr\/wp-content\/uploads\/2019\/05\/Flan_de_Courgettes_Tomates_Cerises-768x432.jpg 768w, https:\/\/saveursdesandrine.fr\/wp-content\/uploads\/2019\/05\/Flan_de_Courgettes_Tomates_Cerises-1024x576.jpg 1024w\" sizes=\"(max-width: 4608px) 100vw, 4608px\" \/><\/p>\n<h2>Ingr\u00e9dients:<\/h2>\n<ul>\n<li>400 g de courgettes<\/li>\n<li>15 tomates cerises<\/li>\n<li>2 \u0153ufs<\/li>\n<li>2 pots individuels de fromage blanc<\/li>\n<li>1 cuill\u00e8re \u00e0 soupe de ma\u00efzena<\/li>\n<li>Herbes de Provence<\/li>\n<li>1 cuill\u00e8re \u00e0 soupe de cumin<\/li>\n<\/ul>\n<h3>Pr\u00e9paration:<\/h3>\n<p>Laver, \u00e9plucher et couper vos courgettes en cubes. Les d\u00e9poser dans un plat \u00e0 micro-onde et saupoudrer d&#8217;herbes de Provence. Faire cuire au micro-onde 8 minutes puissance 1000 watts. Une fois cuites, bien \u00e9goutter les courgettes.<\/p>\n<p>Fouetter les deux \u0153ufs avec les deux pots de fromage blanc et la ma\u00efzena.<\/p>\n<p>Ajouter les courgettes \u00e0 la pr\u00e9paration ainsi que les tomates cerises coup\u00e9es en 4.<\/p>\n<p>Saler poivrer et ajouter 1 cuill\u00e8re \u00e0 soupe de cumin. M\u00e9langer le tout.<\/p>\n<p>Verser le tout dans un moule \u00e0 cake de moyenne dimension. (Si vous souhaitez un grand doubler les doses).<\/p>\n<p>Faire cuire \u00e0 four chaud 180\u00b0 pendant 30 minutes. D\u00e9mouler le flan froid.<\/p>\n<p>Si vous souhaitez faire des tapas avec votre flan vous pouvez les faire cuire dans des moules \u00e0 financier ou pour l&#8217;ap\u00e9ritif dans des moules \u00e0 cannel\u00e9s.<\/p>\n<p>Voici les tapas que je r\u00e9alise avec le flan de courgettes \ud83d\ude09<\/p>\n<p><img loading=\"lazy\" class=\"aligncenter size-full wp-image-1222\" src=\"http:\/\/saveursdesandrine.fr\/wp-content\/uploads\/2019\/05\/Flan_de_Courgettes_Tomates_Cerises1.jpg\" alt=\"flan de courgettes tomates cerises\" width=\"4608\" height=\"2592\" srcset=\"https:\/\/saveursdesandrine.fr\/wp-content\/uploads\/2019\/05\/Flan_de_Courgettes_Tomates_Cerises1.jpg 4608w, https:\/\/saveursdesandrine.fr\/wp-content\/uploads\/2019\/05\/Flan_de_Courgettes_Tomates_Cerises1-300x169.jpg 300w, https:\/\/saveursdesandrine.fr\/wp-content\/uploads\/2019\/05\/Flan_de_Courgettes_Tomates_Cerises1-768x432.jpg 768w, https:\/\/saveursdesandrine.fr\/wp-content\/uploads\/2019\/05\/Flan_de_Courgettes_Tomates_Cerises1-1024x576.jpg 1024w\" sizes=\"(max-width: 4608px) 100vw, 4608px\" \/><\/p>\n<\/div>","protected":false},"excerpt":{"rendered":"<p>Voici la recette de mon flan de courgettes tomates cerises. En g\u00e9n\u00e9ral je le fais dans des moules \u00e0 financier pour ensuite r\u00e9aliser mes tapas. Je le d\u00e9pose sur un petit pain bretzel coup\u00e9 puis je le recouvre de saumon ou d&#8217;une crevette. Succ\u00e8s assur\u00e9 pour vos ap\u00e9ros d\u00eenatoires.<\/p>\n","protected":false},"author":1,"featured_media":1220,"comment_status":"open","ping_status":"open","sticky":false,"template":"","format":"standard","meta":[],"categories":[21,8],"tags":[],"_links":{"self":[{"href":"https:\/\/saveursdesandrine.fr\/index.php\/wp-json\/wp\/v2\/posts\/1217"}],"collection":[{"href":"https:\/\/saveursdesandrine.fr\/index.php\/wp-json\/wp\/v2\/posts"}],"about":[{"href":"https:\/\/saveursdesandrine.fr\/index.php\/wp-json\/wp\/v2\/types\/post"}],"author":[{"embeddable":true,"href":"https:\/\/saveursdesandrine.fr\/index.php\/wp-json\/wp\/v2\/users\/1"}],"replies":[{"embeddable":true,"href":"https:\/\/saveursdesandrine.fr\/index.php\/wp-json\/wp\/v2\/comments?post=1217"}],"version-history":[{"count":6,"href":"https:\/\/saveursdesandrine.fr\/index.php\/wp-json\/wp\/v2\/posts\/1217\/revisions"}],"predecessor-version":[{"id":1226,"href":"https:\/\/saveursdesandrine.fr\/index.php\/wp-json\/wp\/v2\/posts\/1217\/revisions\/1226"}],"wp:featuredmedia":[{"embeddable":true,"href":"https:\/\/saveursdesandrine.fr\/index.php\/wp-json\/wp\/v2\/media\/1220"}],"wp:attachment":[{"href":"https:\/\/saveursdesandrine.fr\/index.php\/wp-json\/wp\/v2\/media?parent=1217"}],"wp:term":[{"taxonomy":"category","embeddable":true,"href":"https:\/\/saveursdesandrine.fr\/index.php\/wp-json\/wp\/v2\/categories?post=1217"},{"taxonomy":"post_tag","embeddable":true,"href":"https:\/\/saveursdesandrine.fr\/index.php\/wp-json\/wp\/v2\/tags?post=1217"}],"curies":[{"name":"wp","href":"https:\/\/api.w.org\/{rel}","templated":true}]}}