{"id":2031,"date":"2020-05-08T16:27:18","date_gmt":"2020-05-08T14:27:18","guid":{"rendered":"http:\/\/saveursdesandrine.fr\/?p=2031"},"modified":"2020-05-08T16:29:26","modified_gmt":"2020-05-08T14:29:26","slug":"tarte-aux-brocolis-lardons","status":"publish","type":"post","link":"https:\/\/saveursdesandrine.fr\/index.php\/2020\/05\/08\/tarte-aux-brocolis-lardons\/","title":{"rendered":"Tarte aux brocolis lardons"},"content":{"rendered":"<div class=\"pf-content\"><p>Aujourd&#8217;hui je vous propose la recette de ma tarte aux brocolis lardons. A manger chaude ou froide accompagn\u00e9e d&#8217;une salade verte, elle sera id\u00e9ale pour le souper.<!--more--><\/p>\n<h1>Recette tarte aux brocolis lardons<\/h1>\n<p><img loading=\"lazy\" class=\"aligncenter size-full wp-image-2052\" src=\"http:\/\/saveursdesandrine.fr\/wp-content\/uploads\/2020\/05\/Tarte_brocoli_lardone0.jpg\" alt=\"Tarte brocolis lardons\" width=\"3620\" height=\"2467\" srcset=\"https:\/\/saveursdesandrine.fr\/wp-content\/uploads\/2020\/05\/Tarte_brocoli_lardone0.jpg 3620w, https:\/\/saveursdesandrine.fr\/wp-content\/uploads\/2020\/05\/Tarte_brocoli_lardone0-300x204.jpg 300w, https:\/\/saveursdesandrine.fr\/wp-content\/uploads\/2020\/05\/Tarte_brocoli_lardone0-768x523.jpg 768w, https:\/\/saveursdesandrine.fr\/wp-content\/uploads\/2020\/05\/Tarte_brocoli_lardone0-1024x698.jpg 1024w\" sizes=\"(max-width: 3620px) 100vw, 3620px\" \/><\/p>\n<h2>Ingr\u00e9dients:<\/h2>\n<ul>\n<li>1 p\u00e2te bris\u00e9e toute faite ou (ma\u00a0<a href=\"http:\/\/saveursdesandrine.fr\/index.php\/2020\/02\/27\/pate-brisee-dietetique\/\">P\u00e2te bris\u00e9e di\u00e9t\u00e9tique<\/a>)<\/li>\n<li>3 oeufs<\/li>\n<li>1\/2 t\u00eate de brocoli<\/li>\n<li>125 g de lardons fum\u00e9es<\/li>\n<li>3 cuill\u00e8res \u00e0 soupe de cr\u00e8me fra\u00eeche<\/li>\n<li>80 g de gruy\u00e8re r\u00e2p\u00e9 ou cont\u00e9<\/li>\n<li>6 boules de mozzarella<\/li>\n<li>sel, poivre et muscade<\/li>\n<\/ul>\n<h3>Pr\u00e9paration:<\/h3>\n<p>Couper les t\u00eates\u00a0 de brocoli et\u00a0 faire cuire dans l&#8217;eau bouillante pendant 10 minutes. Les \u00e9goutter.<\/p>\n<p>Dans une po\u00eale faire revenir vos lardons fum\u00e9s sans ajouter de graisse. R\u00e9server.<\/p>\n<p>D\u00e9poser votre p\u00e2te bris\u00e9e dans la tourti\u00e8re et piquer le fond avec une fourchette.<\/p>\n<p>Dans un saladier battre les oeufs, la cr\u00e8me fra\u00eeche, les lardons fum\u00e9s, gruy\u00e8re r\u00e2p\u00e9, le sel, le poivre et la muscade.<\/p>\n<p>\u00c9taler d&#8217;une fa\u00e7on homog\u00e8ne les brocolis sur la p\u00e2te bris\u00e9e et verser la pr\u00e9paration. poivr\u00e9 l\u00e9g\u00e8rement le dessus de nouveau avec le moulin.<\/p>\n<p>D\u00e9poser vos billes de mozzarella coup\u00e9es en deux sur le dessus de la garniture.<\/p>\n<p><img loading=\"lazy\" class=\"aligncenter size-full wp-image-2053\" src=\"http:\/\/saveursdesandrine.fr\/wp-content\/uploads\/2020\/05\/Tarte_brocoli_lardons1.jpg\" alt=\"Tarte brocolis lardons\" width=\"4608\" height=\"2592\" srcset=\"https:\/\/saveursdesandrine.fr\/wp-content\/uploads\/2020\/05\/Tarte_brocoli_lardons1.jpg 4608w, https:\/\/saveursdesandrine.fr\/wp-content\/uploads\/2020\/05\/Tarte_brocoli_lardons1-300x169.jpg 300w, https:\/\/saveursdesandrine.fr\/wp-content\/uploads\/2020\/05\/Tarte_brocoli_lardons1-768x432.jpg 768w, https:\/\/saveursdesandrine.fr\/wp-content\/uploads\/2020\/05\/Tarte_brocoli_lardons1-1024x576.jpg 1024w\" sizes=\"(max-width: 4608px) 100vw, 4608px\" \/><\/p>\n<p>Enfourner le tout \u00e0 four chaud 180\u00b0 pendant 30 minutes.<\/p>\n<p>Bon app\u00e9tit!!!<\/p>\n<p><img loading=\"lazy\" class=\"aligncenter size-full wp-image-2054\" src=\"http:\/\/saveursdesandrine.fr\/wp-content\/uploads\/2020\/05\/Tarte_brocolis_lardons2.jpg\" alt=\"Tarte brocolis lardons\" width=\"2546\" height=\"2228\" srcset=\"https:\/\/saveursdesandrine.fr\/wp-content\/uploads\/2020\/05\/Tarte_brocolis_lardons2.jpg 2546w, https:\/\/saveursdesandrine.fr\/wp-content\/uploads\/2020\/05\/Tarte_brocolis_lardons2-300x263.jpg 300w, https:\/\/saveursdesandrine.fr\/wp-content\/uploads\/2020\/05\/Tarte_brocolis_lardons2-768x672.jpg 768w, https:\/\/saveursdesandrine.fr\/wp-content\/uploads\/2020\/05\/Tarte_brocolis_lardons2-1024x896.jpg 1024w\" sizes=\"(max-width: 2546px) 100vw, 2546px\" \/><\/p>\n<p>Vous pouvez manger votre tarte chaude ou froide.<\/p>\n<p><img loading=\"lazy\" class=\"aligncenter size-full wp-image-2055\" src=\"http:\/\/saveursdesandrine.fr\/wp-content\/uploads\/2020\/05\/20200430_111106.jpg\" alt=\"Tarte brocolis lardons\" width=\"2574\" height=\"3554\" srcset=\"https:\/\/saveursdesandrine.fr\/wp-content\/uploads\/2020\/05\/20200430_111106.jpg 2574w, https:\/\/saveursdesandrine.fr\/wp-content\/uploads\/2020\/05\/20200430_111106-217x300.jpg 217w, https:\/\/saveursdesandrine.fr\/wp-content\/uploads\/2020\/05\/20200430_111106-768x1060.jpg 768w, https:\/\/saveursdesandrine.fr\/wp-content\/uploads\/2020\/05\/20200430_111106-742x1024.jpg 742w\" sizes=\"(max-width: 2574px) 100vw, 2574px\" \/><\/p>\n<p>&nbsp;<\/p>\n<p>&nbsp;<\/p>\n<p>&nbsp;<\/p>\n<\/div>","protected":false},"excerpt":{"rendered":"<p>Aujourd&#8217;hui je vous propose la recette de ma tarte aux brocolis lardons. A manger chaude ou froide accompagn\u00e9e d&#8217;une salade verte, elle sera id\u00e9ale pour le souper.<\/p>\n","protected":false},"author":1,"featured_media":2052,"comment_status":"open","ping_status":"open","sticky":false,"template":"","format":"standard","meta":[],"categories":[6],"tags":[],"_links":{"self":[{"href":"https:\/\/saveursdesandrine.fr\/index.php\/wp-json\/wp\/v2\/posts\/2031"}],"collection":[{"href":"https:\/\/saveursdesandrine.fr\/index.php\/wp-json\/wp\/v2\/posts"}],"about":[{"href":"https:\/\/saveursdesandrine.fr\/index.php\/wp-json\/wp\/v2\/types\/post"}],"author":[{"embeddable":true,"href":"https:\/\/saveursdesandrine.fr\/index.php\/wp-json\/wp\/v2\/users\/1"}],"replies":[{"embeddable":true,"href":"https:\/\/saveursdesandrine.fr\/index.php\/wp-json\/wp\/v2\/comments?post=2031"}],"version-history":[{"count":7,"href":"https:\/\/saveursdesandrine.fr\/index.php\/wp-json\/wp\/v2\/posts\/2031\/revisions"}],"predecessor-version":[{"id":2070,"href":"https:\/\/saveursdesandrine.fr\/index.php\/wp-json\/wp\/v2\/posts\/2031\/revisions\/2070"}],"wp:featuredmedia":[{"embeddable":true,"href":"https:\/\/saveursdesandrine.fr\/index.php\/wp-json\/wp\/v2\/media\/2052"}],"wp:attachment":[{"href":"https:\/\/saveursdesandrine.fr\/index.php\/wp-json\/wp\/v2\/media?parent=2031"}],"wp:term":[{"taxonomy":"category","embeddable":true,"href":"https:\/\/saveursdesandrine.fr\/index.php\/wp-json\/wp\/v2\/categories?post=2031"},{"taxonomy":"post_tag","embeddable":true,"href":"https:\/\/saveursdesandrine.fr\/index.php\/wp-json\/wp\/v2\/tags?post=2031"}],"curies":[{"name":"wp","href":"https:\/\/api.w.org\/{rel}","templated":true}]}}