{"id":2237,"date":"2020-08-05T07:09:49","date_gmt":"2020-08-05T05:09:49","guid":{"rendered":"http:\/\/saveursdesandrine.fr\/?p=2237"},"modified":"2020-08-06T11:11:08","modified_gmt":"2020-08-06T09:11:08","slug":"feuilletees-mirabelles","status":"publish","type":"post","link":"https:\/\/saveursdesandrine.fr\/index.php\/2020\/08\/05\/feuilletees-mirabelles\/","title":{"rendered":"Feuillet\u00e9s mirabelles"},"content":{"rendered":"<div class=\"pf-content\"><p>Voici des feuillet\u00e9s aux mirabelles d\u00e9licieux et tr\u00e8s facile \u00e0 r\u00e9aliser. Je voulais changer des tartes classiques. Id\u00e9al pour un go\u00fbter gourmand de saison!!!<!--more--><\/p>\n<h1>Recette feuillet\u00e9s mirabelles<\/h1>\n<p><img loading=\"lazy\" class=\"aligncenter size-full wp-image-2256\" src=\"http:\/\/saveursdesandrine.fr\/wp-content\/uploads\/2020\/08\/IMG_20200804_091937_690.jpg\" alt=\"Feuillet\u00e9es mirabelles \" width=\"3737\" height=\"2378\" srcset=\"https:\/\/saveursdesandrine.fr\/wp-content\/uploads\/2020\/08\/IMG_20200804_091937_690.jpg 3737w, https:\/\/saveursdesandrine.fr\/wp-content\/uploads\/2020\/08\/IMG_20200804_091937_690-300x191.jpg 300w, https:\/\/saveursdesandrine.fr\/wp-content\/uploads\/2020\/08\/IMG_20200804_091937_690-768x489.jpg 768w, https:\/\/saveursdesandrine.fr\/wp-content\/uploads\/2020\/08\/IMG_20200804_091937_690-1024x652.jpg 1024w\" sizes=\"(max-width: 3737px) 100vw, 3737px\" \/><\/p>\n<h2>Ingr\u00e9dients pour 6 pi\u00e8ces:<\/h2>\n<ul>\n<li>P\u00e2te feuillet\u00e9e<\/li>\n<li>350 g de mirabelles<\/li>\n<li>20 g de miel<\/li>\n<li>20 g de sucre roux<\/li>\n<li>10 g de beurre<\/li>\n<li>1 jaune d\u2019\u0153uf<\/li>\n<li>Sucre glace (facultatif)<\/li>\n<\/ul>\n<h3>Pr\u00e9paration:<\/h3>\n<p>Laver et d\u00e9noyauter les mirabelles.<\/p>\n<p>Les cuire dans une po\u00eale avec le beurre, le miel et le sucre roux tout en remuer r\u00e9guli\u00e8rement. Une fois les mirabelles confites\u00a0 r\u00e9server dans un saladier.<\/p>\n<p><img loading=\"lazy\" class=\"aligncenter size-full wp-image-2259\" src=\"http:\/\/saveursdesandrine.fr\/wp-content\/uploads\/2020\/08\/IMG_20200805_104518_490.jpg\" alt=\"Feuillet\u00e9es mirabelles \" width=\"2301\" height=\"2301\" srcset=\"https:\/\/saveursdesandrine.fr\/wp-content\/uploads\/2020\/08\/IMG_20200805_104518_490.jpg 2301w, https:\/\/saveursdesandrine.fr\/wp-content\/uploads\/2020\/08\/IMG_20200805_104518_490-150x150.jpg 150w, https:\/\/saveursdesandrine.fr\/wp-content\/uploads\/2020\/08\/IMG_20200805_104518_490-300x300.jpg 300w, https:\/\/saveursdesandrine.fr\/wp-content\/uploads\/2020\/08\/IMG_20200805_104518_490-768x768.jpg 768w, https:\/\/saveursdesandrine.fr\/wp-content\/uploads\/2020\/08\/IMG_20200805_104518_490-1024x1024.jpg 1024w, https:\/\/saveursdesandrine.fr\/wp-content\/uploads\/2020\/08\/IMG_20200805_104518_490-250x250.jpg 250w, https:\/\/saveursdesandrine.fr\/wp-content\/uploads\/2020\/08\/IMG_20200805_104518_490-174x174.jpg 174w\" sizes=\"(max-width: 2301px) 100vw, 2301px\" \/><\/p>\n<p>Sur une feuille de papier sulfuris\u00e9e former un cercle avec la p\u00e2te, la couper en 4 ou en 6 voir photo ci-dessous pour la d\u00e9coupe en V.<\/p>\n<p><img loading=\"lazy\" class=\"aligncenter size-full wp-image-2257\" src=\"http:\/\/saveursdesandrine.fr\/wp-content\/uploads\/2020\/08\/InShot_20200805_103300351.jpg\" alt=\"Feuillet\u00e9es mirabelles \" width=\"1920\" height=\"1920\" srcset=\"https:\/\/saveursdesandrine.fr\/wp-content\/uploads\/2020\/08\/InShot_20200805_103300351.jpg 1920w, https:\/\/saveursdesandrine.fr\/wp-content\/uploads\/2020\/08\/InShot_20200805_103300351-150x150.jpg 150w, https:\/\/saveursdesandrine.fr\/wp-content\/uploads\/2020\/08\/InShot_20200805_103300351-300x300.jpg 300w, https:\/\/saveursdesandrine.fr\/wp-content\/uploads\/2020\/08\/InShot_20200805_103300351-768x768.jpg 768w, https:\/\/saveursdesandrine.fr\/wp-content\/uploads\/2020\/08\/InShot_20200805_103300351-1024x1024.jpg 1024w, https:\/\/saveursdesandrine.fr\/wp-content\/uploads\/2020\/08\/InShot_20200805_103300351-250x250.jpg 250w, https:\/\/saveursdesandrine.fr\/wp-content\/uploads\/2020\/08\/InShot_20200805_103300351-174x174.jpg 174w\" sizes=\"(max-width: 1920px) 100vw, 1920px\" \/><\/p>\n<p>D\u00e9poser vos mirabelles sur chaque morceau de p\u00e2te et rabattre la p\u00e2te sur les mirabelles.<\/p>\n<p>Badigeonner avec un pinceau la p\u00e2te de jaune d\u2019\u0153uf.<\/p>\n<p><img loading=\"lazy\" class=\"aligncenter size-full wp-image-2261\" src=\"http:\/\/saveursdesandrine.fr\/wp-content\/uploads\/2020\/08\/IMG_20200805_105939_507.jpg\" alt=\"Feuillet\u00e9es mirabelles \" width=\"4205\" height=\"2592\" srcset=\"https:\/\/saveursdesandrine.fr\/wp-content\/uploads\/2020\/08\/IMG_20200805_105939_507.jpg 4205w, https:\/\/saveursdesandrine.fr\/wp-content\/uploads\/2020\/08\/IMG_20200805_105939_507-300x185.jpg 300w, https:\/\/saveursdesandrine.fr\/wp-content\/uploads\/2020\/08\/IMG_20200805_105939_507-768x473.jpg 768w, https:\/\/saveursdesandrine.fr\/wp-content\/uploads\/2020\/08\/IMG_20200805_105939_507-1024x631.jpg 1024w\" sizes=\"(max-width: 4205px) 100vw, 4205px\" \/><\/p>\n<p>Enfourner \u00e0 four chaud \u00e0 180\u00b0 pendant 25 minutes environ.<\/p>\n<p>A la sortie du four laisser refroidir vos feuillet\u00e9s mirabelle sur une grille.<\/p>\n<p><img loading=\"lazy\" class=\"aligncenter size-full wp-image-2258\" src=\"http:\/\/saveursdesandrine.fr\/wp-content\/uploads\/2020\/08\/IMG_20200804_153204_683.jpg\" alt=\"Feuillet\u00e9es mirabelles\" width=\"2579\" height=\"2579\" srcset=\"https:\/\/saveursdesandrine.fr\/wp-content\/uploads\/2020\/08\/IMG_20200804_153204_683.jpg 2579w, https:\/\/saveursdesandrine.fr\/wp-content\/uploads\/2020\/08\/IMG_20200804_153204_683-150x150.jpg 150w, https:\/\/saveursdesandrine.fr\/wp-content\/uploads\/2020\/08\/IMG_20200804_153204_683-300x300.jpg 300w, https:\/\/saveursdesandrine.fr\/wp-content\/uploads\/2020\/08\/IMG_20200804_153204_683-768x768.jpg 768w, https:\/\/saveursdesandrine.fr\/wp-content\/uploads\/2020\/08\/IMG_20200804_153204_683-1024x1024.jpg 1024w, https:\/\/saveursdesandrine.fr\/wp-content\/uploads\/2020\/08\/IMG_20200804_153204_683-250x250.jpg 250w, https:\/\/saveursdesandrine.fr\/wp-content\/uploads\/2020\/08\/IMG_20200804_153204_683-174x174.jpg 174w\" sizes=\"(max-width: 2579px) 100vw, 2579px\" \/><\/p>\n<p>Bon app\u00e9tit!!!<\/p>\n<\/div>","protected":false},"excerpt":{"rendered":"<p>Voici des feuillet\u00e9s aux mirabelles d\u00e9licieux et tr\u00e8s facile \u00e0 r\u00e9aliser. Je voulais changer des tartes classiques. Id\u00e9al pour un go\u00fbter gourmand de saison!!!<\/p>\n","protected":false},"author":1,"featured_media":2265,"comment_status":"open","ping_status":"open","sticky":false,"template":"","format":"standard","meta":[],"categories":[17],"tags":[],"_links":{"self":[{"href":"https:\/\/saveursdesandrine.fr\/index.php\/wp-json\/wp\/v2\/posts\/2237"}],"collection":[{"href":"https:\/\/saveursdesandrine.fr\/index.php\/wp-json\/wp\/v2\/posts"}],"about":[{"href":"https:\/\/saveursdesandrine.fr\/index.php\/wp-json\/wp\/v2\/types\/post"}],"author":[{"embeddable":true,"href":"https:\/\/saveursdesandrine.fr\/index.php\/wp-json\/wp\/v2\/users\/1"}],"replies":[{"embeddable":true,"href":"https:\/\/saveursdesandrine.fr\/index.php\/wp-json\/wp\/v2\/comments?post=2237"}],"version-history":[{"count":14,"href":"https:\/\/saveursdesandrine.fr\/index.php\/wp-json\/wp\/v2\/posts\/2237\/revisions"}],"predecessor-version":[{"id":2271,"href":"https:\/\/saveursdesandrine.fr\/index.php\/wp-json\/wp\/v2\/posts\/2237\/revisions\/2271"}],"wp:featuredmedia":[{"embeddable":true,"href":"https:\/\/saveursdesandrine.fr\/index.php\/wp-json\/wp\/v2\/media\/2265"}],"wp:attachment":[{"href":"https:\/\/saveursdesandrine.fr\/index.php\/wp-json\/wp\/v2\/media?parent=2237"}],"wp:term":[{"taxonomy":"category","embeddable":true,"href":"https:\/\/saveursdesandrine.fr\/index.php\/wp-json\/wp\/v2\/categories?post=2237"},{"taxonomy":"post_tag","embeddable":true,"href":"https:\/\/saveursdesandrine.fr\/index.php\/wp-json\/wp\/v2\/tags?post=2237"}],"curies":[{"name":"wp","href":"https:\/\/api.w.org\/{rel}","templated":true}]}}